{"id":2370,"date":"2023-06-07T16:16:20","date_gmt":"2023-06-07T14:16:20","guid":{"rendered":"https:\/\/associazionespina.it\/?p=2370"},"modified":"2023-06-07T16:16:20","modified_gmt":"2023-06-07T14:16:20","slug":"appuntamento-l8-giugno-con-il-convegno-trasformazione-digitale-accessibilita-e-sostenibilita-ecco-lo-sfide-per-la-cultura","status":"publish","type":"post","link":"https:\/\/associazionespina.it\/en\/appuntamento-l8-giugno-con-il-convegno-trasformazione-digitale-accessibilita-e-sostenibilita-ecco-lo-sfide-per-la-cultura\/","title":{"rendered":"Appuntamento l&#8217;8 giugno con il Convegno &#8220;Trasformazione Digitale, Accessibilit\u00e0 e Sostenibilit\u00e0: ecco lo sfide per la Cultura!&#8221;"},"content":{"rendered":"<p>Si terr\u00e0 l&#8217;8 giugno 2023 a Milano, e in diretta streaming il Convegno <strong>&#8216;Trasformazione Digitale, Accessibilit\u00e0 e Sostenibilit\u00e0: Ecco le Sfide per la Cultura!&#8217;<\/strong>, un importante momento di confronto e di condivisione dei risultati della <strong>Ricerca dell&#8217;Osservatorio Innovazione Digitale nei Beni e Attivit\u00e0 Culturali 2022-23<\/strong>.<\/p>\n<p>L&#8217;evento, patrocinato dall&#8217;<strong>Associazione Gianluca Spina<\/strong>, presenter\u00e0 dati e analisi su temi chiave nel settore culturale, esplorando gli sviluppi tecnologici come il metaverso e la blockchain, nonch\u00e9 l&#8217;accessibilit\u00e0 e la sostenibilit\u00e0, sia dal punto di vista dei visitatori, sia delle istituzioni culturali italiane e internazionali. Saranno illustrati casi studio e best practice che arricchiranno i contenuti presentati.<\/p>\n<p>I risultati della ricerca saranno discussi e commentati da rappresentanti della Community di Sostenitori dell&#8217;Osservatorio. Inoltre, durante il convegno, saranno presentati i progetti finalisti del <strong>Premio Gianluca Spina per l&#8217;Innovazione Digitale nei Beni e Attivit\u00e0 Culturali<\/strong>, destinato a istituzioni culturali pubbliche o private e organizzazioni\/associazioni culturali che si sono distinte per progetti di innovazione digitale significativi nei processi interni o nell&#8217;offerta al pubblico. Una giuria di esperti designer\u00e0 il vincitore di questa sesta edizione del premio.<\/p>\n<p>Per maggiori informazioni e iscrizioni clicca <a href=\"https:\/\/www.osservatori.net\/it\/eventi\/prossimi\/convegni\/innovazione-digitale-beni-attivita-culturali-risultati-ricerca-osservatorio-convegno\">qui<\/a>.<\/p>\n","protected":false},"excerpt":{"rendered":"<p>Si terr\u00e0 l&#8217;8 giugno 2023 a Milano, e in diretta streaming il Convegno &#8216;Trasformazione Digitale, Accessibilit\u00e0 e Sostenibilit\u00e0: Ecco le Sfide per la Cultura!&#8217;, un&hellip;<\/p>\n","protected":false},"author":5,"featured_media":0,"comment_status":"closed","ping_status":"closed","sticky":false,"template":"","format":"standard","meta":{"footnotes":""},"categories":[8,3,7],"tags":[],"class_list":["post-2370","post","type-post","status-publish","format-standard","hentry","category-eventi","category-home_news","category-news"],"_links":{"self":[{"href":"https:\/\/associazionespina.it\/en\/wp-json\/wp\/v2\/posts\/2370","targetHints":{"allow":["GET"]}}],"collection":[{"href":"https:\/\/associazionespina.it\/en\/wp-json\/wp\/v2\/posts"}],"about":[{"href":"https:\/\/associazionespina.it\/en\/wp-json\/wp\/v2\/types\/post"}],"author":[{"embeddable":true,"href":"https:\/\/associazionespina.it\/en\/wp-json\/wp\/v2\/users\/5"}],"replies":[{"embeddable":true,"href":"https:\/\/associazionespina.it\/en\/wp-json\/wp\/v2\/comments?post=2370"}],"version-history":[{"count":1,"href":"https:\/\/associazionespina.it\/en\/wp-json\/wp\/v2\/posts\/2370\/revisions"}],"predecessor-version":[{"id":2372,"href":"https:\/\/associazionespina.it\/en\/wp-json\/wp\/v2\/posts\/2370\/revisions\/2372"}],"wp:attachment":[{"href":"https:\/\/associazionespina.it\/en\/wp-json\/wp\/v2\/media?parent=2370"}],"wp:term":[{"taxonomy":"category","embeddable":true,"href":"https:\/\/associazionespina.it\/en\/wp-json\/wp\/v2\/categories?post=2370"},{"taxonomy":"post_tag","embeddable":true,"href":"https:\/\/associazionespina.it\/en\/wp-json\/wp\/v2\/tags?post=2370"}],"curies":[{"name":"wp","href":"https:\/\/api.w.org\/{rel}","templated":true}]}}