{"id":2706,"date":"2024-06-11T16:21:33","date_gmt":"2024-06-11T14:21:33","guid":{"rendered":"https:\/\/associazionespina.it\/?p=2706"},"modified":"2024-06-11T16:21:33","modified_gmt":"2024-06-11T14:21:33","slug":"matteo-kalchschmidt-e-il-nuovo-presidente-dellassociazione-gianluca-spina-per-il-triennio-2024-2026","status":"publish","type":"post","link":"https:\/\/associazionespina.it\/en\/matteo-kalchschmidt-e-il-nuovo-presidente-dellassociazione-gianluca-spina-per-il-triennio-2024-2026\/","title":{"rendered":"Matteo Kalchschmidt \u00e8 il nuovo Presidente dell&#8217;Associazione Gianluca Spina per il triennio 2024-2026"},"content":{"rendered":"<p>Siamo lieti di annunciare che <strong>Matteo Kalchschmidt <\/strong>\u00e8 stato nominato nuovo Presidente dell&#8217;Associazione Gianluca Spina per il mandato 2024-2026. La nomina \u00e8 avvenuta in occasione dell&#8217;ultima Assemblea dei Soci, dove nell&#8217;occasione \u00e8 stato anche eletto anche il nuovo Consiglio Direttivo.<\/p>\n<p>I membri del Consiglio Direttivo:<\/p>\n<ul>\n<li><strong>Arnaboldi Simone<\/strong><\/li>\n<li><strong>Bartezzaghi Emilio <\/strong><\/li>\n<li><strong>Bodini Francesca Maria<\/strong><\/li>\n<li><strong>Cagliano Raffaella<\/strong><\/li>\n<li><strong>Frattini Federico <\/strong><\/li>\n<li><strong>Kalchschmidt Matteo <\/strong><\/li>\n<li><strong>Sianesi Andrea<\/strong><\/li>\n<\/ul>\n<h3><strong>Lettera del Presidente<\/strong><\/h3>\n<p>Gentili Soci e amici dell\u2019Associazione,<\/p>\n<p>\u00e8 con grande onore e con un po\u2019 di emozione che inizio questo mandato come nuovo Presidente dell&#8217;Associazione Gianluca Spina. Desidero innanzitutto esprimere la mia pi\u00f9 sincera gratitudine a Raffaella Cagliano, presidente uscente, per il lavoro straordinario che ha svolto in questi sei anni. Grazie alla sua dedizione, passione e competenza, l&#8217;Associazione ha potuto raggiungere traguardi significativi e ha continuato a crescere, mantenendo vivo l\u2019operato di Gianluca.<\/p>\n<p>Sono legato all\u2019Associazione da un sentimento di amicizia e di stima nei confronti di Gianluca, che ho sempre considerato non solo un caro amico e collega, ma anche uno dei miei mentori pi\u00f9 importanti. La sua visione, il suo esempio e i suoi insegnamenti mi hanno profondamente influenzato e hanno plasmato il mio modo di essere, sia come persona sia come professore. Gianluca aveva una straordinaria capacit\u00e0 di guardare lontano, di affrontare le difficolt\u00e0 e di ispirare le persone con cui entrava in contatto. \u00c8 con questo spirito che mi auguro di poter contribuire al futuro dell\u2019Associazione.<\/p>\n<p>Con entusiasmo e determinazione, raccolgo l\u2019onore di proseguire il lavoro di Raffaella e di tutti coloro che hanno contribuito alla crescita dell&#8217;Associazione. Il mio impegno sar\u00e0 volto a valorizzare quanto \u00e8 stato fatto fino ad ora e a costruire sul solido fondamento che \u00e8 stato creato. Uno dei prossimi passi sar\u00e0 la trasformazione dell&#8217;Associazione in Ente del Terzo Settore, le cui procedure di riconoscimento sono gi\u00e0 state avviate. Questo passo importante ci permetter\u00e0 di ampliare il nostro impatto e di contribuire ancora pi\u00f9 efficacemente al miglioramento della societ\u00e0.<\/p>\n<p>In qualit\u00e0 di Presidente lavorer\u00f2 affinch\u00e8 l&#8217;Associazione continui a supportare l\u2019eccellenza e a promuovere iniziative che possano avere un impatto concreto, contribuendo a migliorare la societ\u00e0 in cui viviamo. Sempre con la finalit\u00e0 di supportare l\u2019eccellenza, ci impegneremo a sostenere progetti che favoriscano lo sviluppo di talenti, consci che l&#8217;eccellenza non \u00e8 un traguardo ma un percorso continuo di miglioramento e di crescita. \u00c8 con questo spirito che lavorer\u00f2, sapendo di poter contare sul continuo supporto del Consiglio Direttivo e sugli amici dell&#8217;Associazione, che con la loro passione e il loro impegno rappresentano la vera forza motrice del nostro operato. Insieme, sono certo che riusciremo a a portare avanti la visione di Gianluca e i suoi valori.<\/p>\n<p>Vorrei da ultimo incoraggiare tutti alla partecipazione e alla collaborazione attiva. L&#8217;Associazione \u00e8 un organismo che trae la sua forza dall&#8217;energia e dall&#8217;entusiasmo di tutti i suoi membri. Ognuno di noi, con le proprie idee, competenze e passioni, pu\u00f2 contribuire in modo significativo all\u2019Associazione. Desidero pertanto invitare tutti a sentirsi parte attiva nella vita dell\u2019Associazione e parte di questa comunit\u00e0.<\/p>\n<p>Con stima e gratitudine,<\/p>\n<p><strong>Matteo Kalchschmidt<\/strong><\/p>\n<p><em>Presidente dell&#8217;Associazione Gianluca Spina<\/em><\/p>\n<p>&nbsp;<\/p>\n","protected":false},"excerpt":{"rendered":"<p>Siamo lieti di annunciare che Matteo Kalchschmidt \u00e8 stato nominato nuovo Presidente dell&#8217;Associazione Gianluca Spina per il mandato 2024-2026. La nomina \u00e8 avvenuta in occasione&hellip;<\/p>\n","protected":false},"author":5,"featured_media":2688,"comment_status":"closed","ping_status":"closed","sticky":false,"template":"","format":"standard","meta":{"footnotes":""},"categories":[3,7],"tags":[],"class_list":["post-2706","post","type-post","status-publish","format-standard","has-post-thumbnail","hentry","category-home_news","category-news"],"_links":{"self":[{"href":"https:\/\/associazionespina.it\/en\/wp-json\/wp\/v2\/posts\/2706","targetHints":{"allow":["GET"]}}],"collection":[{"href":"https:\/\/associazionespina.it\/en\/wp-json\/wp\/v2\/posts"}],"about":[{"href":"https:\/\/associazionespina.it\/en\/wp-json\/wp\/v2\/types\/post"}],"author":[{"embeddable":true,"href":"https:\/\/associazionespina.it\/en\/wp-json\/wp\/v2\/users\/5"}],"replies":[{"embeddable":true,"href":"https:\/\/associazionespina.it\/en\/wp-json\/wp\/v2\/comments?post=2706"}],"version-history":[{"count":1,"href":"https:\/\/associazionespina.it\/en\/wp-json\/wp\/v2\/posts\/2706\/revisions"}],"predecessor-version":[{"id":2707,"href":"https:\/\/associazionespina.it\/en\/wp-json\/wp\/v2\/posts\/2706\/revisions\/2707"}],"wp:featuredmedia":[{"embeddable":true,"href":"https:\/\/associazionespina.it\/en\/wp-json\/wp\/v2\/media\/2688"}],"wp:attachment":[{"href":"https:\/\/associazionespina.it\/en\/wp-json\/wp\/v2\/media?parent=2706"}],"wp:term":[{"taxonomy":"category","embeddable":true,"href":"https:\/\/associazionespina.it\/en\/wp-json\/wp\/v2\/categories?post=2706"},{"taxonomy":"post_tag","embeddable":true,"href":"https:\/\/associazionespina.it\/en\/wp-json\/wp\/v2\/tags?post=2706"}],"curies":[{"name":"wp","href":"https:\/\/api.w.org\/{rel}","templated":true}]}}