{"id":2822,"date":"2024-07-18T18:15:23","date_gmt":"2024-07-18T16:15:23","guid":{"rendered":"https:\/\/associazionespina.it\/?p=2822"},"modified":"2024-07-18T18:15:23","modified_gmt":"2024-07-18T16:15:23","slug":"lassociazione-gianluca-spina-diventa-ets","status":"publish","type":"post","link":"https:\/\/associazionespina.it\/en\/lassociazione-gianluca-spina-diventa-ets\/","title":{"rendered":"L&#8217;Associazione Gianluca Spina diventa ETS"},"content":{"rendered":"<p>L\u2019Associazione Gianluca Spina \u00e8 lieta di annunciare di essere entrata a far parte del <strong>Registro Unico Nazionale del Terzo Settore (RUNTS)<\/strong> e che, da giugno 2024, ha ottenuto la qualifica di <strong>Ente del Terzo Settore (ETS)<\/strong>. Questo importante traguardo ha portato anche a una modifica dello Statuto e a un cambio di denominazione: da oggi \u00e8 ufficialmente <strong>Associazione Gianluca Spina ETS<\/strong>.<\/p>\n<p>Questo traguardo ha portato anche ad ampliare il <strong>Consiglio Direttivo<\/strong> da <strong>7<\/strong> a <strong>10 membri<\/strong>, completando cos\u00ec la sua composizione per il triennio 2024-2026. Il nuovo consiglio direttivo \u00e8 composto da: <em>Matteo Kalchschmidt (Presidente), Francesca Bodini, Leonardo Spina, Raffaella Cagliano, Emilio Bartezzaghi, Federico Frattini, Andrea Sianesi, Simone Arnaboldi, Federico Caniato<\/em> e <em>Stefano Ronchi<\/em>.<\/p>\n<p>Ma cosa significa tutto questo per l\u2019Associazione e per la sua community? L&#8217;Associazione Gianluca Spina ETS continuer\u00e0 a fare quello che ha sempre fatto con passione: promuovere e sostenere iniziative di formazione e di ricerca scientifica nell&#8217;ambito del Management, con un&#8217;attenzione particolare ai temi cari a <strong>Gianluca Spina<\/strong>, come il Supply Chain Management. Non solo, continuer\u00e0 a dare impulso a progetti culturali, innovativi e legati alla sostenibilit\u00e0 e all\u2019impatto sociale.<\/p>\n<p><em>\u201cQuesta trasformazione rappresenta un passo significativo per il nostro futuro. Siamo entusiasti delle nuove opportunit\u00e0 che questa qualifica porter\u00e0 e siamo pronti a utilizzare queste risorse per ampliare il nostro impatto e contribuire ancora pi\u00f9 efficacemente al miglioramento della societ\u00e0\u201d<\/em>, dichiara\u00a0 <strong>Matteo Kalchschmidt, Presidente dell\u2019Associazione<\/strong>.<\/p>\n<p>Come prima, uno degli obiettivi principali sar\u00e0 quello di favorire l\u2019accesso di candidati meritevoli ed economicamente svantaggiati a Master e MBA di POLIMI Graduate School of Management, POLI.design e Politecnico di Milano, grazie all\u2019offerta di Borse di Studio e contributi. Proseguir\u00e0 inoltre a premiare l\u2019innovazione nella didattica e a supportare studenti, professionisti e istituzioni culturali che sono in grado di creare valore sostenibile per le loro realt\u00e0 e per la societ\u00e0 nel suo complesso.<\/p>\n","protected":false},"excerpt":{"rendered":"<p>L\u2019Associazione Gianluca Spina \u00e8 lieta di annunciare di essere entrata a far parte del Registro Unico Nazionale del Terzo Settore (RUNTS) e che, da giugno&hellip;<\/p>\n","protected":false},"author":5,"featured_media":2823,"comment_status":"closed","ping_status":"closed","sticky":false,"template":"","format":"standard","meta":{"footnotes":""},"categories":[3,7],"tags":[],"class_list":["post-2822","post","type-post","status-publish","format-standard","has-post-thumbnail","hentry","category-home_news","category-news"],"_links":{"self":[{"href":"https:\/\/associazionespina.it\/en\/wp-json\/wp\/v2\/posts\/2822","targetHints":{"allow":["GET"]}}],"collection":[{"href":"https:\/\/associazionespina.it\/en\/wp-json\/wp\/v2\/posts"}],"about":[{"href":"https:\/\/associazionespina.it\/en\/wp-json\/wp\/v2\/types\/post"}],"author":[{"embeddable":true,"href":"https:\/\/associazionespina.it\/en\/wp-json\/wp\/v2\/users\/5"}],"replies":[{"embeddable":true,"href":"https:\/\/associazionespina.it\/en\/wp-json\/wp\/v2\/comments?post=2822"}],"version-history":[{"count":2,"href":"https:\/\/associazionespina.it\/en\/wp-json\/wp\/v2\/posts\/2822\/revisions"}],"predecessor-version":[{"id":2825,"href":"https:\/\/associazionespina.it\/en\/wp-json\/wp\/v2\/posts\/2822\/revisions\/2825"}],"wp:featuredmedia":[{"embeddable":true,"href":"https:\/\/associazionespina.it\/en\/wp-json\/wp\/v2\/media\/2823"}],"wp:attachment":[{"href":"https:\/\/associazionespina.it\/en\/wp-json\/wp\/v2\/media?parent=2822"}],"wp:term":[{"taxonomy":"category","embeddable":true,"href":"https:\/\/associazionespina.it\/en\/wp-json\/wp\/v2\/categories?post=2822"},{"taxonomy":"post_tag","embeddable":true,"href":"https:\/\/associazionespina.it\/en\/wp-json\/wp\/v2\/tags?post=2822"}],"curies":[{"name":"wp","href":"https:\/\/api.w.org\/{rel}","templated":true}]}}